{"id":2169,"date":"2023-07-25T11:46:23","date_gmt":"2023-07-25T09:46:23","guid":{"rendered":"https:\/\/prev-ir.fr\/?p=2169"},"modified":"2023-07-25T11:46:25","modified_gmt":"2023-07-25T09:46:25","slug":"chantiers-dete-advivo","status":"publish","type":"post","link":"https:\/\/prev-ir.fr\/?p=2169","title":{"rendered":"Chantiers d&rsquo;\u00e9t\u00e9 ADVIVO"},"content":{"rendered":"\n\n\n<p>Nous remercions le bailleur social&nbsp;<a href=\"https:\/\/www.advivo.fr\/\" data-type=\"URL\" data-id=\"https:\/\/www.advivo.fr\/\">ADVIVO<\/a>&nbsp;qui nous a confi\u00e9 cette ann\u00e9e ses chantiers d\u2019\u00e9t\u00e9. 42 Jeunes habitants des logements en Quartiers Politique de la Ville ont pu b\u00e9n\u00e9ficier d\u2019un \u00ab&nbsp;job d\u2019\u00e9t\u00e9&nbsp;\u00bb et ont ainsi contribu\u00e9 au r\u00e9 embellissement des cages d\u2019escaliers de diff\u00e9rents immeubles sur Estressin, Malissol, Pont Ev\u00eaque et Vall\u00e9e de G\u00e8re.<\/p>\n\n\n\n<figure class=\"wp-block-image size-large\"><img data-recalc-dims=\"1\" fetchpriority=\"high\" decoding=\"async\" width=\"640\" height=\"480\" data-attachment-id=\"2167\" data-permalink=\"https:\/\/prev-ir.fr\/?attachment_id=2167\" data-orig-file=\"https:\/\/i0.wp.com\/prev-ir.fr\/wp-content\/uploads\/2023\/07\/1-scaled-1.jpg?fit=2560%2C1920&amp;ssl=1\" data-orig-size=\"2560,1920\" data-comments-opened=\"0\" data-image-meta=\"{&quot;aperture&quot;:&quot;0&quot;,&quot;credit&quot;:&quot;&quot;,&quot;camera&quot;:&quot;&quot;,&quot;caption&quot;:&quot;&quot;,&quot;created_timestamp&quot;:&quot;0&quot;,&quot;copyright&quot;:&quot;&quot;,&quot;focal_length&quot;:&quot;0&quot;,&quot;iso&quot;:&quot;0&quot;,&quot;shutter_speed&quot;:&quot;0&quot;,&quot;title&quot;:&quot;&quot;,&quot;orientation&quot;:&quot;0&quot;}\" data-image-title=\"1-scaled-1\" data-image-description=\"\" data-image-caption=\"\" data-large-file=\"https:\/\/i0.wp.com\/prev-ir.fr\/wp-content\/uploads\/2023\/07\/1-scaled-1.jpg?fit=640%2C480&amp;ssl=1\" src=\"https:\/\/i0.wp.com\/prev-ir.fr\/wp-content\/uploads\/2023\/07\/1-scaled-1.jpg?resize=640%2C480&#038;ssl=1\" alt=\"\" class=\"wp-image-2167\" srcset=\"https:\/\/i0.wp.com\/prev-ir.fr\/wp-content\/uploads\/2023\/07\/1-scaled-1.jpg?resize=1080%2C810&amp;ssl=1 1080w, https:\/\/i0.wp.com\/prev-ir.fr\/wp-content\/uploads\/2023\/07\/1-scaled-1.jpg?resize=300%2C225&amp;ssl=1 300w, https:\/\/i0.wp.com\/prev-ir.fr\/wp-content\/uploads\/2023\/07\/1-scaled-1.jpg?resize=768%2C576&amp;ssl=1 768w, https:\/\/i0.wp.com\/prev-ir.fr\/wp-content\/uploads\/2023\/07\/1-scaled-1.jpg?resize=1536%2C1152&amp;ssl=1 1536w, https:\/\/i0.wp.com\/prev-ir.fr\/wp-content\/uploads\/2023\/07\/1-scaled-1.jpg?resize=2048%2C1536&amp;ssl=1 2048w, https:\/\/i0.wp.com\/prev-ir.fr\/wp-content\/uploads\/2023\/07\/1-scaled-1.jpg?resize=360%2C270&amp;ssl=1 360w, https:\/\/i0.wp.com\/prev-ir.fr\/wp-content\/uploads\/2023\/07\/1-scaled-1.jpg?w=1280&amp;ssl=1 1280w, https:\/\/i0.wp.com\/prev-ir.fr\/wp-content\/uploads\/2023\/07\/1-scaled-1.jpg?w=1920&amp;ssl=1 1920w\" sizes=\"(max-width: 640px) 100vw, 640px\" \/><\/figure>\n","protected":false},"excerpt":{"rendered":"<p>Nous remercions le bailleur social&nbsp;ADVIVO&nbsp;qui nous a confi\u00e9 cette ann\u00e9e ses chantiers d\u2019\u00e9t\u00e9. 42 Jeunes habitants des logements en Quartiers Politique de la Ville ont pu b\u00e9n\u00e9ficier d\u2019un \u00ab&nbsp;job d\u2019\u00e9t\u00e9&nbsp;\u00bb et ont ainsi contribu\u00e9 au r\u00e9 embellissement des cages d\u2019escaliers&hellip;&nbsp;<a href=\"https:\/\/prev-ir.fr\/?p=2169\" class=\"more-link\">Lire la suite<\/a><\/p>\n","protected":false},"author":12,"featured_media":0,"comment_status":"closed","ping_status":"closed","sticky":false,"template":"","format":"standard","meta":{"ngg_post_thumbnail":0,"_jetpack_newsletter_access":"","_jetpack_dont_email_post_to_subs":false,"_jetpack_newsletter_tier_id":0,"_jetpack_memberships_contains_paywalled_content":false,"_jetpack_memberships_contains_paid_content":false,"footnotes":""},"categories":[19],"tags":[],"class_list":["post-2169","post","type-post","status-publish","format-standard","hentry","category-articles"],"jetpack_featured_media_url":"","jetpack_shortlink":"https:\/\/wp.me\/p5BzG1-yZ","jetpack_sharing_enabled":true,"_links":{"self":[{"href":"https:\/\/prev-ir.fr\/index.php?rest_route=\/wp\/v2\/posts\/2169","targetHints":{"allow":["GET"]}}],"collection":[{"href":"https:\/\/prev-ir.fr\/index.php?rest_route=\/wp\/v2\/posts"}],"about":[{"href":"https:\/\/prev-ir.fr\/index.php?rest_route=\/wp\/v2\/types\/post"}],"author":[{"embeddable":true,"href":"https:\/\/prev-ir.fr\/index.php?rest_route=\/wp\/v2\/users\/12"}],"replies":[{"embeddable":true,"href":"https:\/\/prev-ir.fr\/index.php?rest_route=%2Fwp%2Fv2%2Fcomments&post=2169"}],"version-history":[{"count":2,"href":"https:\/\/prev-ir.fr\/index.php?rest_route=\/wp\/v2\/posts\/2169\/revisions"}],"predecessor-version":[{"id":2213,"href":"https:\/\/prev-ir.fr\/index.php?rest_route=\/wp\/v2\/posts\/2169\/revisions\/2213"}],"wp:attachment":[{"href":"https:\/\/prev-ir.fr\/index.php?rest_route=%2Fwp%2Fv2%2Fmedia&parent=2169"}],"wp:term":[{"taxonomy":"category","embeddable":true,"href":"https:\/\/prev-ir.fr\/index.php?rest_route=%2Fwp%2Fv2%2Fcategories&post=2169"},{"taxonomy":"post_tag","embeddable":true,"href":"https:\/\/prev-ir.fr\/index.php?rest_route=%2Fwp%2Fv2%2Ftags&post=2169"}],"curies":[{"name":"wp","href":"https:\/\/api.w.org\/{rel}","templated":true}]}}